{"id":859,"date":"2026-04-02T09:38:05","date_gmt":"2026-04-02T07:38:05","guid":{"rendered":"https:\/\/labuleria.com\/?p=859"},"modified":"2026-04-20T09:44:14","modified_gmt":"2026-04-20T07:44:14","slug":"historia-origen-flamenco","status":"publish","type":"post","link":"http:\/\/labuleria.com\/nl\/historia-origen-flamenco\/","title":{"rendered":"Historia y origen del flamenco en Espa\u00f1a y en Valencia"},"content":{"rendered":"<p data-start=\"12362\" data-end=\"12508\">El flamenco no se entiende sin mirar al pasado. Es un arte que nace de la mezcla, de la convivencia de culturas, de momentos hist\u00f3ricos complejos. <strong>Hablar del origen del flamenco es hablar de historia<\/strong>. Pero tambi\u00e9n de identidad.<\/p>\n<h2 data-section-id=\"1kbqevq\" data-start=\"12592\" data-end=\"12612\">Un origen diverso dentro del flamenco<\/h2>\n<p data-start=\"12614\" data-end=\"12702\"><strong>El flamenco surge principalmente en Andaluc\u00eda<\/strong>, pero no es exclusivo de una sola cultura. En su origen encontramos influencias gitanas, \u00e1rabes, jud\u00edas y cristianas. Cada una aport\u00f3 elementos que, con el tiempo, dieron forma a lo que hoy conocemos como flamenco. El cante, por ejemplo, tiene una fuerte carga emocional que se asocia con las tradiciones orales. La m\u00fasica recoge matices de diferentes estilos y esa mezcla es lo que lo hace \u00fanico.<\/p>\n<h2 data-section-id=\"1r9dldi\" data-start=\"13061\" data-end=\"13083\">Los primeros cantes<\/h2>\n<p data-start=\"13085\" data-end=\"13170\">En sus inicios, el flamenco no era un espect\u00e1culo. Era una forma de expresi\u00f3n \u00edntima. Se cantaba en reuniones familiares, en celebraciones, en momentos cotidianos. No hab\u00eda escenario ni p\u00fablico como tal, sino que era algo m\u00e1s cercano y personal.<\/p>\n<h2 data-section-id=\"1ozstt\" data-start=\"13336\" data-end=\"13372\">La evoluci\u00f3n del flamenco hacia el espect\u00e1culo<\/h2>\n<p data-start=\"13374\" data-end=\"13428\">Con el tiempo, el flamenco empez\u00f3 a profesionalizarse. Aparecieron los primeros caf\u00e9s cantantes en el siglo XIX. Lugares donde el flamenco se ofrec\u00eda como espect\u00e1culo. Ah\u00ed empez\u00f3 a tomar forma lo que hoy conocemos como show flamenco. El baile gan\u00f3 protagonismo, la guitarra se desarroll\u00f3 y el cante se estructur\u00f3.<\/p>\n<h2 data-section-id=\"1wd3rzl\" data-start=\"13692\" data-end=\"13721\">El flamenco en el siglo XX y reconomcimiento internacional<\/h2>\n<p data-start=\"13723\" data-end=\"13787\">Durante el siglo XX, el flamenco vivi\u00f3 una expansi\u00f3n importante. Se populariz\u00f3, lleg\u00f3 a nuevos p\u00fablicos y empez\u00f3 a salir de Espa\u00f1a. Tambi\u00e9n evolucion\u00f3. Se incorporaron nuevos estilos, nuevas formas de interpretar. Pero siempre manteniendo su esencia.<\/p>\n<p data-start=\"14011\" data-end=\"14047\">El flamenco ha traspasado fronteras. Hoy en d\u00eda se reconoce en todo el mundo como una de las expresiones culturales m\u00e1s importantes de Espa\u00f1a. Incluso ha sido declarado Patrimonio Cultural Inmaterial de la Humanidad. Eso demuestra su valor.<\/p>\n<h2 data-section-id=\"1422nrn\" data-start=\"14256\" data-end=\"14274\">El flamenco hoy en Valencia<\/h2>\n<p data-start=\"14276\" data-end=\"14322\">A d\u00eda de hoy, el flamenco sigue evolucionando. Convive la tradici\u00f3n con propuestas m\u00e1s modernas. Hay artistas que innovan, que experimentan. Pero tambi\u00e9n hay espacios que mantienen el flamenco m\u00e1s puro. Los <strong>tablaos<\/strong> son uno de esos espacios. Aunque <strong>conocer la historia es importante, el flamenco se entiende realmente cuando se vive<\/strong>. Cuando se escucha en directo. Cuando se siente la fuerza del baile, la emoci\u00f3n del cante, la energ\u00eda de la guitarra. En ciudades como Valencia, esta experiencia est\u00e1 cada vez m\u00e1s presente. Y eso permite que m\u00e1s personas descubran este arte.<\/p>\n<h2 data-section-id=\"1pifqyp\" data-start=\"14897\" data-end=\"14937\">La importancia de mantener la esencia<\/h2>\n<p data-start=\"14939\" data-end=\"15002\">A pesar de su evoluci\u00f3n, el flamenco no debe perder su esencia. Esa autenticidad es lo que lo hace especial. Por eso es importante que existan espacios que lo respeten, que lo cuiden y que lo transmitan de forma real. En <a href=\"http:\/\/labuleria.com\/nl\/\">La Buler\u00eda<\/a> trabajamos con esa idea. Mantener viva la esencia del flamenco, pero adaptada al presente.<\/p>\n<h2 data-section-id=\"1hryhf7\" data-start=\"15272\" data-end=\"15278\">Preguntas frecuentes sobre el Flamenco en Valencia<\/h2>\n<p data-start=\"15280\" data-end=\"15395\"><strong data-start=\"15280\" data-end=\"15321\">\u00bfD\u00f3nde naci\u00f3 el flamenco exactamente?<\/strong><br data-start=\"15321\" data-end=\"15324\" \/>Principalmente en Andaluc\u00eda, aunque con influencias de varias culturas.<\/p>\n<p data-start=\"15397\" data-end=\"15481\"><strong data-start=\"15397\" data-end=\"15437\">\u00bfCu\u00e1ndo empez\u00f3 a ser un espect\u00e1culo?<\/strong><br data-start=\"15437\" data-end=\"15440\" \/>En el siglo XIX, con los caf\u00e9s cantantes.<\/p>\n<p data-start=\"15483\" data-end=\"15567\"><strong data-start=\"15483\" data-end=\"15518\">\u00bfEl flamenco ha cambiado mucho?<\/strong><br data-start=\"15518\" data-end=\"15521\" \/>S\u00ed, ha evolucionado, pero mantiene su esencia.<\/p>\n<p data-start=\"15569\" data-end=\"15649\"><strong data-start=\"15569\" data-end=\"15601\">\u00bfSe puede aprender flamenco?<\/strong><br data-start=\"15601\" data-end=\"15604\" \/>S\u00ed, tanto el baile como la m\u00fasica y el cante.<\/p>","protected":false},"excerpt":{"rendered":"<p>El flamenco no se entiende sin mirar al pasado. Es un arte que nace de la mezcla, de la convivencia [&hellip;]<\/p>","protected":false},"author":99993,"featured_media":541,"comment_status":"closed","ping_status":"closed","sticky":false,"template":"","format":"standard","meta":{"_acf_changed":false,"footnotes":""},"categories":[72],"tags":[],"class_list":["post-859","post","type-post","status-publish","format-standard","has-post-thumbnail","hentry","category-flamenco"],"acf":[],"yoast_head":"<!-- This site is optimized with the Yoast SEO plugin v23.5 - https:\/\/yoast.com\/wordpress\/plugins\/seo\/ -->\n<title>Historia y origen del flamenco en Espa\u00f1a y en Valencia<\/title>\n<meta name=\"description\" content=\"La historia del flamenco surge principalmente en Andaluc\u00eda, pero no es exclusivo de una sola cultura. En La Buler\u00eda te lo contamos todo.\" \/>\n<meta name=\"robots\" content=\"index, follow, max-snippet:-1, max-image-preview:large, max-video-preview:-1\" \/>\n<link rel=\"canonical\" href=\"http:\/\/labuleria.com\/nl\/historia-origen-flamenco\/\" \/>\n<meta property=\"og:locale\" content=\"nl_NL\" \/>\n<meta property=\"og:type\" content=\"article\" \/>\n<meta property=\"og:title\" content=\"Historia y origen del flamenco en Espa\u00f1a y en Valencia\" \/>\n<meta property=\"og:description\" content=\"La historia del flamenco surge principalmente en Andaluc\u00eda, pero no es exclusivo de una sola cultura. En La Buler\u00eda te lo contamos todo.\" \/>\n<meta property=\"og:url\" content=\"http:\/\/labuleria.com\/nl\/historia-origen-flamenco\/\" \/>\n<meta property=\"og:site_name\" content=\"Restaurante La Buler\u00eda - Tablao Flamenco\" \/>\n<meta property=\"article:published_time\" content=\"2026-04-02T07:38:05+00:00\" \/>\n<meta property=\"article:modified_time\" content=\"2026-04-20T07:44:14+00:00\" \/>\n<meta property=\"og:image\" content=\"https:\/\/labuleria.com\/wp-content\/uploads\/2023\/09\/09A8413-2.jpg\" \/>\n\t<meta property=\"og:image:width\" content=\"960\" \/>\n\t<meta property=\"og:image:height\" content=\"642\" \/>\n\t<meta property=\"og:image:type\" content=\"image\/jpeg\" \/>\n<meta name=\"author\" content=\"Javier SEO\" \/>\n<meta name=\"twitter:card\" content=\"summary_large_image\" \/>\n<meta name=\"twitter:label1\" content=\"Geschreven door\" \/>\n\t<meta name=\"twitter:data1\" content=\"Javier SEO\" \/>\n\t<meta name=\"twitter:label2\" content=\"Geschatte leestijd\" \/>\n\t<meta name=\"twitter:data2\" content=\"3 minuten\" \/>\n<script type=\"application\/ld+json\" class=\"yoast-schema-graph\">{\"@context\":\"https:\/\/schema.org\",\"@graph\":[{\"@type\":\"WebPage\",\"@id\":\"https:\/\/labuleria.com\/historia-origen-flamenco\/\",\"url\":\"https:\/\/labuleria.com\/historia-origen-flamenco\/\",\"name\":\"Historia y origen del flamenco en Espa\u00f1a y en Valencia\",\"isPartOf\":{\"@id\":\"https:\/\/labuleria.com\/#website\"},\"primaryImageOfPage\":{\"@id\":\"https:\/\/labuleria.com\/historia-origen-flamenco\/#primaryimage\"},\"image\":{\"@id\":\"https:\/\/labuleria.com\/historia-origen-flamenco\/#primaryimage\"},\"thumbnailUrl\":\"https:\/\/labuleria.com\/wp-content\/uploads\/2023\/09\/09A8413-2.jpg\",\"datePublished\":\"2026-04-02T07:38:05+00:00\",\"dateModified\":\"2026-04-20T07:44:14+00:00\",\"author\":{\"@id\":\"https:\/\/labuleria.com\/#\/schema\/person\/bc110c412c096842189d701c40da8487\"},\"description\":\"La historia del flamenco surge principalmente en Andaluc\u00eda, pero no es exclusivo de una sola cultura. En La Buler\u00eda te lo contamos todo.\",\"breadcrumb\":{\"@id\":\"https:\/\/labuleria.com\/historia-origen-flamenco\/#breadcrumb\"},\"inLanguage\":\"nl-NL\",\"potentialAction\":[{\"@type\":\"ReadAction\",\"target\":[\"https:\/\/labuleria.com\/historia-origen-flamenco\/\"]}]},{\"@type\":\"ImageObject\",\"inLanguage\":\"nl-NL\",\"@id\":\"https:\/\/labuleria.com\/historia-origen-flamenco\/#primaryimage\",\"url\":\"https:\/\/labuleria.com\/wp-content\/uploads\/2023\/09\/09A8413-2.jpg\",\"contentUrl\":\"https:\/\/labuleria.com\/wp-content\/uploads\/2023\/09\/09A8413-2.jpg\",\"width\":960,\"height\":642,\"caption\":\"historia flamenco\"},{\"@type\":\"BreadcrumbList\",\"@id\":\"https:\/\/labuleria.com\/historia-origen-flamenco\/#breadcrumb\",\"itemListElement\":[{\"@type\":\"ListItem\",\"position\":1,\"name\":\"Portada\",\"item\":\"https:\/\/labuleria.com\/\"},{\"@type\":\"ListItem\",\"position\":2,\"name\":\"Historia y origen del flamenco en Espa\u00f1a y en Valencia\"}]},{\"@type\":\"WebSite\",\"@id\":\"https:\/\/labuleria.com\/#website\",\"url\":\"https:\/\/labuleria.com\/\",\"name\":\"Restaurante La Buler\u00eda - Tablao Flamenco\",\"description\":\"La mejor experiencia de flamenco en Valencia\",\"potentialAction\":[{\"@type\":\"SearchAction\",\"target\":{\"@type\":\"EntryPoint\",\"urlTemplate\":\"https:\/\/labuleria.com\/?s={search_term_string}\"},\"query-input\":{\"@type\":\"PropertyValueSpecification\",\"valueRequired\":true,\"valueName\":\"search_term_string\"}}],\"inLanguage\":\"nl-NL\"},{\"@type\":\"Person\",\"@id\":\"https:\/\/labuleria.com\/#\/schema\/person\/bc110c412c096842189d701c40da8487\",\"name\":\"Javier SEO\",\"image\":{\"@type\":\"ImageObject\",\"inLanguage\":\"nl-NL\",\"@id\":\"https:\/\/labuleria.com\/#\/schema\/person\/image\/\",\"url\":\"https:\/\/secure.gravatar.com\/avatar\/9b5d1c998b4e200fd6baf6db99e0c806a44b6e388dec98720fec36f9bd0e49dc?s=96&d=mm&r=g\",\"contentUrl\":\"https:\/\/secure.gravatar.com\/avatar\/9b5d1c998b4e200fd6baf6db99e0c806a44b6e388dec98720fec36f9bd0e49dc?s=96&d=mm&r=g\",\"caption\":\"Javier SEO\"},\"url\":\"http:\/\/labuleria.com\/nl\/author\/javier-seo\/\"}]}<\/script>\n<!-- \/ Yoast SEO plugin. -->","yoast_head_json":{"title":"Historia y origen del flamenco en Espa\u00f1a y en Valencia","description":"La historia del flamenco surge principalmente en Andaluc\u00eda, pero no es exclusivo de una sola cultura. En La Buler\u00eda te lo contamos todo.","robots":{"index":"index","follow":"follow","max-snippet":"max-snippet:-1","max-image-preview":"max-image-preview:large","max-video-preview":"max-video-preview:-1"},"canonical":"http:\/\/labuleria.com\/nl\/historia-origen-flamenco\/","og_locale":"nl_NL","og_type":"article","og_title":"Historia y origen del flamenco en Espa\u00f1a y en Valencia","og_description":"La historia del flamenco surge principalmente en Andaluc\u00eda, pero no es exclusivo de una sola cultura. En La Buler\u00eda te lo contamos todo.","og_url":"http:\/\/labuleria.com\/nl\/historia-origen-flamenco\/","og_site_name":"Restaurante La Buler\u00eda - Tablao Flamenco","article_published_time":"2026-04-02T07:38:05+00:00","article_modified_time":"2026-04-20T07:44:14+00:00","og_image":[{"width":960,"height":642,"url":"https:\/\/labuleria.com\/wp-content\/uploads\/2023\/09\/09A8413-2.jpg","type":"image\/jpeg"}],"author":"Javier SEO","twitter_card":"summary_large_image","twitter_misc":{"Geschreven door":"Javier SEO","Geschatte leestijd":"3 minuten"},"schema":{"@context":"https:\/\/schema.org","@graph":[{"@type":"WebPage","@id":"https:\/\/labuleria.com\/historia-origen-flamenco\/","url":"https:\/\/labuleria.com\/historia-origen-flamenco\/","name":"Historia y origen del flamenco en Espa\u00f1a y en Valencia","isPartOf":{"@id":"https:\/\/labuleria.com\/#website"},"primaryImageOfPage":{"@id":"https:\/\/labuleria.com\/historia-origen-flamenco\/#primaryimage"},"image":{"@id":"https:\/\/labuleria.com\/historia-origen-flamenco\/#primaryimage"},"thumbnailUrl":"https:\/\/labuleria.com\/wp-content\/uploads\/2023\/09\/09A8413-2.jpg","datePublished":"2026-04-02T07:38:05+00:00","dateModified":"2026-04-20T07:44:14+00:00","author":{"@id":"https:\/\/labuleria.com\/#\/schema\/person\/bc110c412c096842189d701c40da8487"},"description":"La historia del flamenco surge principalmente en Andaluc\u00eda, pero no es exclusivo de una sola cultura. En La Buler\u00eda te lo contamos todo.","breadcrumb":{"@id":"https:\/\/labuleria.com\/historia-origen-flamenco\/#breadcrumb"},"inLanguage":"nl-NL","potentialAction":[{"@type":"ReadAction","target":["https:\/\/labuleria.com\/historia-origen-flamenco\/"]}]},{"@type":"ImageObject","inLanguage":"nl-NL","@id":"https:\/\/labuleria.com\/historia-origen-flamenco\/#primaryimage","url":"https:\/\/labuleria.com\/wp-content\/uploads\/2023\/09\/09A8413-2.jpg","contentUrl":"https:\/\/labuleria.com\/wp-content\/uploads\/2023\/09\/09A8413-2.jpg","width":960,"height":642,"caption":"historia flamenco"},{"@type":"BreadcrumbList","@id":"https:\/\/labuleria.com\/historia-origen-flamenco\/#breadcrumb","itemListElement":[{"@type":"ListItem","position":1,"name":"Portada","item":"https:\/\/labuleria.com\/"},{"@type":"ListItem","position":2,"name":"Historia y origen del flamenco en Espa\u00f1a y en Valencia"}]},{"@type":"WebSite","@id":"https:\/\/labuleria.com\/#website","url":"https:\/\/labuleria.com\/","name":"Restaurante La Buler\u00eda - Tablao Flamenco","description":"La mejor experiencia de flamenco en Valencia","potentialAction":[{"@type":"SearchAction","target":{"@type":"EntryPoint","urlTemplate":"https:\/\/labuleria.com\/?s={search_term_string}"},"query-input":{"@type":"PropertyValueSpecification","valueRequired":true,"valueName":"search_term_string"}}],"inLanguage":"nl-NL"},{"@type":"Person","@id":"https:\/\/labuleria.com\/#\/schema\/person\/bc110c412c096842189d701c40da8487","name":"Javier SEO","image":{"@type":"ImageObject","inLanguage":"nl-NL","@id":"https:\/\/labuleria.com\/#\/schema\/person\/image\/","url":"https:\/\/secure.gravatar.com\/avatar\/9b5d1c998b4e200fd6baf6db99e0c806a44b6e388dec98720fec36f9bd0e49dc?s=96&d=mm&r=g","contentUrl":"https:\/\/secure.gravatar.com\/avatar\/9b5d1c998b4e200fd6baf6db99e0c806a44b6e388dec98720fec36f9bd0e49dc?s=96&d=mm&r=g","caption":"Javier SEO"},"url":"http:\/\/labuleria.com\/nl\/author\/javier-seo\/"}]}},"_links":{"self":[{"href":"http:\/\/labuleria.com\/nl\/wp-json\/wp\/v2\/posts\/859","targetHints":{"allow":["GET"]}}],"collection":[{"href":"http:\/\/labuleria.com\/nl\/wp-json\/wp\/v2\/posts"}],"about":[{"href":"http:\/\/labuleria.com\/nl\/wp-json\/wp\/v2\/types\/post"}],"author":[{"embeddable":true,"href":"http:\/\/labuleria.com\/nl\/wp-json\/wp\/v2\/users\/99993"}],"replies":[{"embeddable":true,"href":"http:\/\/labuleria.com\/nl\/wp-json\/wp\/v2\/comments?post=859"}],"version-history":[{"count":1,"href":"http:\/\/labuleria.com\/nl\/wp-json\/wp\/v2\/posts\/859\/revisions"}],"predecessor-version":[{"id":860,"href":"http:\/\/labuleria.com\/nl\/wp-json\/wp\/v2\/posts\/859\/revisions\/860"}],"wp:featuredmedia":[{"embeddable":true,"href":"http:\/\/labuleria.com\/nl\/wp-json\/wp\/v2\/media\/541"}],"wp:attachment":[{"href":"http:\/\/labuleria.com\/nl\/wp-json\/wp\/v2\/media?parent=859"}],"wp:term":[{"taxonomy":"category","embeddable":true,"href":"http:\/\/labuleria.com\/nl\/wp-json\/wp\/v2\/categories?post=859"},{"taxonomy":"post_tag","embeddable":true,"href":"http:\/\/labuleria.com\/nl\/wp-json\/wp\/v2\/tags?post=859"}],"curies":[{"name":"wp","href":"https:\/\/api.w.org\/{rel}","templated":true}]}}