{"id":857,"date":"2026-04-20T09:35:24","date_gmt":"2026-04-20T07:35:24","guid":{"rendered":"https:\/\/labuleria.com\/?p=857"},"modified":"2026-04-20T09:35:26","modified_gmt":"2026-04-20T07:35:26","slug":"experiencia-gastronomica-cultural-valencia","status":"publish","type":"post","link":"http:\/\/labuleria.com\/nl\/experiencia-gastronomica-cultural-valencia\/","title":{"rendered":"\u00bfBuscas una experiencia gastron\u00f3mica y cultural en Valencia? La Buler\u00eda es tu sitio"},"content":{"rendered":"<p data-start=\"9420\" data-end=\"9614\">Valencia tiene muchos lugares donde comer bien. Tambi\u00e9n tiene espacios donde disfrutar de espect\u00e1culos. Pero encontrar un sitio donde ambas cosas se integren de forma natural no es tan habitual.<\/p>\n<p data-start=\"9616\" data-end=\"9746\">La Buler\u00eda nace precisamente con esa idea, de crear un espacio donde l<strong>a gastronom\u00eda y el flamenco en Valencia<\/strong> convivan sin forzar la experiencia. Desde el principio tuvimos claro que no quer\u00edamos ser un restaurante m\u00e1s ni un espect\u00e1culo m\u00e1s. Quer\u00edamos algo distinto. Un lugar donde la gente viniera a vivir una experiencia completa. Eso implica cuidar muchos detalles. Desde la selecci\u00f3n de los artistas hasta el dise\u00f1o del espacio. Desde la carta hasta el ritmo de la noche.<\/p>\n<h2 data-section-id=\"7jo74q\" data-start=\"10157\" data-end=\"10181\">El valor del ambiente y el flamenco de verdad en Valencia<\/h2>\n<p data-start=\"10183\" data-end=\"10264\">Hay algo que muchas veces no se puede explicar, pero se percibe en cuanto entras, el ambiente en La Buler\u00eda. Tr<span style=\"font-size: revert; color: initial;\">abajamos para que ese ambiente sea especial. Cercano, acogedor, aut\u00e9ntico. <\/span>Somos un espacio donde el p\u00fablico se sienta c\u00f3modo, pero al mismo tiempo perciba que est\u00e1 viviendo algo diferente.<\/p>\n<p data-start=\"10505\" data-end=\"10577\">Para nosotros, <strong>el flamenco no es un a\u00f1adido, es el coraz\u00f3n del proyecto<\/strong>. Por eso trabajamos con artistas que sienten lo que hacen. Que no vienen a cumplir, sino a expresar.<\/p>\n<p data-start=\"10703\" data-end=\"10801\">Cada uno de nuestros <a href=\"http:\/\/labuleria.com\/nl\/toon\/\">espect\u00e1culos de flamenco en Valencia<\/a> tiene su propia energ\u00eda. Su propio ritmo. Y eso hace que cada noche sea distinta.<\/p>\n<h2 data-section-id=\"7kp9vd\" data-start=\"10803\" data-end=\"10830\">Gastronom\u00eda que acompa\u00f1a en Valencia<\/h2>\n<p data-start=\"10832\" data-end=\"10880\">La cocina en La Buler\u00eda est\u00e1 pensada para sumar. No buscamos complicar, sino ofrecer una propuesta equilibrada, cuidada y coherente con la experiencia. Platos que se disfrutan sin distraer del espect\u00e1culo. Sabores que acompa\u00f1an el momento. Porque al final, todo forma parte de lo mismo. Lo que buscamos no es que la gente salga diciendo que ha cenado bien o que el espect\u00e1culo ha sido bonito. En nuestro <a href=\"http:\/\/labuleria.com\/nl\/\">tablao flamenco en Valencia<\/a> buscamos algo m\u00e1s que recuerden la experiencia y sobre tood que lo recomienden y eso solo se consigue cuando todo encaja como hacemos en La Buler\u00eda.<\/p>\n<p data-start=\"10832\" data-end=\"10880\"><img decoding=\"async\" class=\"aligncenter wp-image-550 size-full\" src=\"https:\/\/labuleria.com\/wp-content\/uploads\/2023\/09\/home-4.jpg\" alt=\"experiencias en valencia\" width=\"1424\" height=\"1960\" srcset=\"https:\/\/labuleria.com\/wp-content\/uploads\/2023\/09\/home-4.jpg 1424w, https:\/\/labuleria.com\/wp-content\/uploads\/2023\/09\/home-4-218x300.jpg 218w, https:\/\/labuleria.com\/wp-content\/uploads\/2023\/09\/home-4-768x1057.jpg 768w, https:\/\/labuleria.com\/wp-content\/uploads\/2023\/09\/home-4-744x1024.jpg 744w, https:\/\/labuleria.com\/wp-content\/uploads\/2023\/09\/home-4-660x908.jpg 660w, https:\/\/labuleria.com\/wp-content\/uploads\/2023\/09\/home-4-430x592.jpg 430w, https:\/\/labuleria.com\/wp-content\/uploads\/2023\/09\/home-4-1116x1536.jpg 1116w, https:\/\/labuleria.com\/wp-content\/uploads\/2023\/09\/home-4-9x12.jpg 9w\" sizes=\"(max-width: 1424px) 100vw, 1424px\" \/><\/p>\n<h2 data-section-id=\"1el8tpi\" data-start=\"11401\" data-end=\"11429\">Ubicaci\u00f3n y accesibilidad y por qu\u00e9 elegir La Buler\u00eda<\/h2>\n<p data-start=\"11431\" data-end=\"11497\">Estar en Valencia nos permite conectar con un p\u00fablico muy variado. Turistas que buscan algo aut\u00e9ntico. Locales que quieren un plan diferente. Personas que celebran algo especial.<\/p>\n<p data-start=\"11612\" data-end=\"11710\">La ubicaci\u00f3n facilita que cualquiera pueda venir y disfrutar de la experiencia sin complicaciones.<\/p>\n<p><span class=\"w8qArf FoJoyf\">\u00a0<\/span><a tabindex=\"0\" href=\"https:\/\/www.google.com\/maps\/place\/\/data=!4m2!3m1!1s0xd6048cf6469af61:0x626e2cd1f04b217f?sa=X&amp;ved=1t:8290&amp;ictx=111\" data-url=\"\/maps\/place\/\/data=!4m2!3m1!1s0xd6048cf6469af61:0x626e2cd1f04b217f?sa=X&amp;ved=2ahUKEwiN4f3n9PuTAxUqUqQEHWXPAMcQ4kB6BAgREAA\">Carrer del Bisbe Jaume P\u00e9rez, 24, Quatre Carreres, 46006 Val\u00e8ncia, Valencia<\/a><\/p>\n<p data-start=\"11742\" data-end=\"11816\">Hay muchos motivos, pero probablemente el m\u00e1s importante es la coherencia. Todo lo que hacemos tiene un sentido. No hay elementos puestos porque s\u00ed. Y eso se nota en el resultado. Una <strong>experiencia \u00fanica en Valencia<\/strong> cuidada, aut\u00e9ntica y pensada para disfrutar para todos los p\u00fablicos, ya seas de aqu\u00ed o extranjero.<\/p>\n<h2 data-section-id=\"1hryhf7\" data-start=\"11992\" data-end=\"11998\">\u00a0Preguntas frecuentes<\/h2>\n<p data-start=\"12000\" data-end=\"12082\"><strong data-start=\"12000\" data-end=\"12042\">\u00bfEs necesario reservar con antelaci\u00f3n?<\/strong><br data-start=\"12042\" data-end=\"12045\" \/>S\u00ed, especialmente en fines de semana.<\/p>\n<p data-start=\"12084\" data-end=\"12173\"><strong data-start=\"12084\" data-end=\"12116\">\u00bfHay men\u00fas cerrados o carta?<\/strong><br data-start=\"12116\" data-end=\"12119\" \/>Depende del formato, pero suele haber varias opciones.<\/p>\n<p data-start=\"12175\" data-end=\"12241\"><strong data-start=\"12175\" data-end=\"12212\">\u00bfSe puede ir solo al espect\u00e1culo?<\/strong><br data-start=\"12212\" data-end=\"12215\" \/>S\u00ed, hay opciones sin cena.<\/p>\n<p data-start=\"12243\" data-end=\"12311\"><strong data-start=\"12243\" data-end=\"12276\">\u00bfEs apto para grupos grandes?<\/strong><br data-start=\"12276\" data-end=\"12279\" \/>S\u00ed, se pueden organizar eventos.<\/p>","protected":false},"excerpt":{"rendered":"<p>Valencia tiene muchos lugares donde comer bien. Tambi\u00e9n tiene espacios donde disfrutar de espect\u00e1culos. Pero encontrar un sitio donde ambas [&hellip;]<\/p>","protected":false},"author":99993,"featured_media":513,"comment_status":"closed","ping_status":"closed","sticky":false,"template":"","format":"standard","meta":{"_acf_changed":false,"footnotes":""},"categories":[72],"tags":[],"class_list":["post-857","post","type-post","status-publish","format-standard","has-post-thumbnail","hentry","category-flamenco"],"acf":[],"yoast_head":"<!-- This site is optimized with the Yoast SEO plugin v23.5 - https:\/\/yoast.com\/wordpress\/plugins\/seo\/ -->\n<title>\u00bfBuscas una experiencia gastron\u00f3mica y cultural en Valencia?<\/title>\n<meta name=\"description\" content=\"Si buscas una experiencia gastron\u00f3mica y cultural en Valencia, en nuestro tablao flamenco La Buler\u00eda lo encontrar\u00e1s.\" \/>\n<meta name=\"robots\" content=\"index, follow, max-snippet:-1, max-image-preview:large, max-video-preview:-1\" \/>\n<link rel=\"canonical\" href=\"http:\/\/labuleria.com\/nl\/experiencia-gastronomica-cultural-valencia\/\" \/>\n<meta property=\"og:locale\" content=\"nl_NL\" \/>\n<meta property=\"og:type\" content=\"article\" \/>\n<meta property=\"og:title\" content=\"\u00bfBuscas una experiencia gastron\u00f3mica y cultural en Valencia?\" \/>\n<meta property=\"og:description\" content=\"Si buscas una experiencia gastron\u00f3mica y cultural en Valencia, en nuestro tablao flamenco La Buler\u00eda lo encontrar\u00e1s.\" \/>\n<meta property=\"og:url\" content=\"http:\/\/labuleria.com\/nl\/experiencia-gastronomica-cultural-valencia\/\" \/>\n<meta property=\"og:site_name\" content=\"Restaurante La Buler\u00eda - Tablao Flamenco\" \/>\n<meta property=\"article:published_time\" content=\"2026-04-20T07:35:24+00:00\" \/>\n<meta property=\"article:modified_time\" content=\"2026-04-20T07:35:26+00:00\" \/>\n<meta property=\"og:image\" content=\"https:\/\/labuleria.com\/wp-content\/uploads\/2023\/08\/Publi-Sandra-6-2.jpg\" \/>\n\t<meta property=\"og:image:width\" content=\"960\" \/>\n\t<meta property=\"og:image:height\" content=\"711\" \/>\n\t<meta property=\"og:image:type\" content=\"image\/jpeg\" \/>\n<meta name=\"author\" content=\"Javier SEO\" \/>\n<meta name=\"twitter:card\" content=\"summary_large_image\" \/>\n<meta name=\"twitter:label1\" content=\"Geschreven door\" \/>\n\t<meta name=\"twitter:data1\" content=\"Javier SEO\" \/>\n\t<meta name=\"twitter:label2\" content=\"Geschatte leestijd\" \/>\n\t<meta name=\"twitter:data2\" content=\"3 minuten\" \/>\n<script type=\"application\/ld+json\" class=\"yoast-schema-graph\">{\"@context\":\"https:\/\/schema.org\",\"@graph\":[{\"@type\":\"WebPage\",\"@id\":\"https:\/\/labuleria.com\/experiencia-gastronomica-cultural-valencia\/\",\"url\":\"https:\/\/labuleria.com\/experiencia-gastronomica-cultural-valencia\/\",\"name\":\"\u00bfBuscas una experiencia gastron\u00f3mica y cultural en Valencia?\",\"isPartOf\":{\"@id\":\"https:\/\/labuleria.com\/#website\"},\"primaryImageOfPage\":{\"@id\":\"https:\/\/labuleria.com\/experiencia-gastronomica-cultural-valencia\/#primaryimage\"},\"image\":{\"@id\":\"https:\/\/labuleria.com\/experiencia-gastronomica-cultural-valencia\/#primaryimage\"},\"thumbnailUrl\":\"https:\/\/labuleria.com\/wp-content\/uploads\/2023\/08\/Publi-Sandra-6-2.jpg\",\"datePublished\":\"2026-04-20T07:35:24+00:00\",\"dateModified\":\"2026-04-20T07:35:26+00:00\",\"author\":{\"@id\":\"https:\/\/labuleria.com\/#\/schema\/person\/bc110c412c096842189d701c40da8487\"},\"description\":\"Si buscas una experiencia gastron\u00f3mica y cultural en Valencia, en nuestro tablao flamenco La Buler\u00eda lo encontrar\u00e1s.\",\"breadcrumb\":{\"@id\":\"https:\/\/labuleria.com\/experiencia-gastronomica-cultural-valencia\/#breadcrumb\"},\"inLanguage\":\"nl-NL\",\"potentialAction\":[{\"@type\":\"ReadAction\",\"target\":[\"https:\/\/labuleria.com\/experiencia-gastronomica-cultural-valencia\/\"]}]},{\"@type\":\"ImageObject\",\"inLanguage\":\"nl-NL\",\"@id\":\"https:\/\/labuleria.com\/experiencia-gastronomica-cultural-valencia\/#primaryimage\",\"url\":\"https:\/\/labuleria.com\/wp-content\/uploads\/2023\/08\/Publi-Sandra-6-2.jpg\",\"contentUrl\":\"https:\/\/labuleria.com\/wp-content\/uploads\/2023\/08\/Publi-Sandra-6-2.jpg\",\"width\":960,\"height\":711,\"caption\":\"experiencia gastronomica y cultural\"},{\"@type\":\"BreadcrumbList\",\"@id\":\"https:\/\/labuleria.com\/experiencia-gastronomica-cultural-valencia\/#breadcrumb\",\"itemListElement\":[{\"@type\":\"ListItem\",\"position\":1,\"name\":\"Portada\",\"item\":\"https:\/\/labuleria.com\/\"},{\"@type\":\"ListItem\",\"position\":2,\"name\":\"\u00bfBuscas una experiencia gastron\u00f3mica y cultural en Valencia? La Buler\u00eda es tu sitio\"}]},{\"@type\":\"WebSite\",\"@id\":\"https:\/\/labuleria.com\/#website\",\"url\":\"https:\/\/labuleria.com\/\",\"name\":\"Restaurante La Buler\u00eda - Tablao Flamenco\",\"description\":\"La mejor experiencia de flamenco en Valencia\",\"potentialAction\":[{\"@type\":\"SearchAction\",\"target\":{\"@type\":\"EntryPoint\",\"urlTemplate\":\"https:\/\/labuleria.com\/?s={search_term_string}\"},\"query-input\":{\"@type\":\"PropertyValueSpecification\",\"valueRequired\":true,\"valueName\":\"search_term_string\"}}],\"inLanguage\":\"nl-NL\"},{\"@type\":\"Person\",\"@id\":\"https:\/\/labuleria.com\/#\/schema\/person\/bc110c412c096842189d701c40da8487\",\"name\":\"Javier SEO\",\"image\":{\"@type\":\"ImageObject\",\"inLanguage\":\"nl-NL\",\"@id\":\"https:\/\/labuleria.com\/#\/schema\/person\/image\/\",\"url\":\"https:\/\/secure.gravatar.com\/avatar\/9b5d1c998b4e200fd6baf6db99e0c806a44b6e388dec98720fec36f9bd0e49dc?s=96&d=mm&r=g\",\"contentUrl\":\"https:\/\/secure.gravatar.com\/avatar\/9b5d1c998b4e200fd6baf6db99e0c806a44b6e388dec98720fec36f9bd0e49dc?s=96&d=mm&r=g\",\"caption\":\"Javier SEO\"},\"url\":\"http:\/\/labuleria.com\/nl\/author\/javier-seo\/\"}]}<\/script>\n<!-- \/ Yoast SEO plugin. -->","yoast_head_json":{"title":"\u00bfBuscas una experiencia gastron\u00f3mica y cultural en Valencia?","description":"Si buscas una experiencia gastron\u00f3mica y cultural en Valencia, en nuestro tablao flamenco La Buler\u00eda lo encontrar\u00e1s.","robots":{"index":"index","follow":"follow","max-snippet":"max-snippet:-1","max-image-preview":"max-image-preview:large","max-video-preview":"max-video-preview:-1"},"canonical":"http:\/\/labuleria.com\/nl\/experiencia-gastronomica-cultural-valencia\/","og_locale":"nl_NL","og_type":"article","og_title":"\u00bfBuscas una experiencia gastron\u00f3mica y cultural en Valencia?","og_description":"Si buscas una experiencia gastron\u00f3mica y cultural en Valencia, en nuestro tablao flamenco La Buler\u00eda lo encontrar\u00e1s.","og_url":"http:\/\/labuleria.com\/nl\/experiencia-gastronomica-cultural-valencia\/","og_site_name":"Restaurante La Buler\u00eda - Tablao Flamenco","article_published_time":"2026-04-20T07:35:24+00:00","article_modified_time":"2026-04-20T07:35:26+00:00","og_image":[{"width":960,"height":711,"url":"https:\/\/labuleria.com\/wp-content\/uploads\/2023\/08\/Publi-Sandra-6-2.jpg","type":"image\/jpeg"}],"author":"Javier SEO","twitter_card":"summary_large_image","twitter_misc":{"Geschreven door":"Javier SEO","Geschatte leestijd":"3 minuten"},"schema":{"@context":"https:\/\/schema.org","@graph":[{"@type":"WebPage","@id":"https:\/\/labuleria.com\/experiencia-gastronomica-cultural-valencia\/","url":"https:\/\/labuleria.com\/experiencia-gastronomica-cultural-valencia\/","name":"\u00bfBuscas una experiencia gastron\u00f3mica y cultural en Valencia?","isPartOf":{"@id":"https:\/\/labuleria.com\/#website"},"primaryImageOfPage":{"@id":"https:\/\/labuleria.com\/experiencia-gastronomica-cultural-valencia\/#primaryimage"},"image":{"@id":"https:\/\/labuleria.com\/experiencia-gastronomica-cultural-valencia\/#primaryimage"},"thumbnailUrl":"https:\/\/labuleria.com\/wp-content\/uploads\/2023\/08\/Publi-Sandra-6-2.jpg","datePublished":"2026-04-20T07:35:24+00:00","dateModified":"2026-04-20T07:35:26+00:00","author":{"@id":"https:\/\/labuleria.com\/#\/schema\/person\/bc110c412c096842189d701c40da8487"},"description":"Si buscas una experiencia gastron\u00f3mica y cultural en Valencia, en nuestro tablao flamenco La Buler\u00eda lo encontrar\u00e1s.","breadcrumb":{"@id":"https:\/\/labuleria.com\/experiencia-gastronomica-cultural-valencia\/#breadcrumb"},"inLanguage":"nl-NL","potentialAction":[{"@type":"ReadAction","target":["https:\/\/labuleria.com\/experiencia-gastronomica-cultural-valencia\/"]}]},{"@type":"ImageObject","inLanguage":"nl-NL","@id":"https:\/\/labuleria.com\/experiencia-gastronomica-cultural-valencia\/#primaryimage","url":"https:\/\/labuleria.com\/wp-content\/uploads\/2023\/08\/Publi-Sandra-6-2.jpg","contentUrl":"https:\/\/labuleria.com\/wp-content\/uploads\/2023\/08\/Publi-Sandra-6-2.jpg","width":960,"height":711,"caption":"experiencia gastronomica y cultural"},{"@type":"BreadcrumbList","@id":"https:\/\/labuleria.com\/experiencia-gastronomica-cultural-valencia\/#breadcrumb","itemListElement":[{"@type":"ListItem","position":1,"name":"Portada","item":"https:\/\/labuleria.com\/"},{"@type":"ListItem","position":2,"name":"\u00bfBuscas una experiencia gastron\u00f3mica y cultural en Valencia? La Buler\u00eda es tu sitio"}]},{"@type":"WebSite","@id":"https:\/\/labuleria.com\/#website","url":"https:\/\/labuleria.com\/","name":"Restaurante La Buler\u00eda - Tablao Flamenco","description":"La mejor experiencia de flamenco en Valencia","potentialAction":[{"@type":"SearchAction","target":{"@type":"EntryPoint","urlTemplate":"https:\/\/labuleria.com\/?s={search_term_string}"},"query-input":{"@type":"PropertyValueSpecification","valueRequired":true,"valueName":"search_term_string"}}],"inLanguage":"nl-NL"},{"@type":"Person","@id":"https:\/\/labuleria.com\/#\/schema\/person\/bc110c412c096842189d701c40da8487","name":"Javier SEO","image":{"@type":"ImageObject","inLanguage":"nl-NL","@id":"https:\/\/labuleria.com\/#\/schema\/person\/image\/","url":"https:\/\/secure.gravatar.com\/avatar\/9b5d1c998b4e200fd6baf6db99e0c806a44b6e388dec98720fec36f9bd0e49dc?s=96&d=mm&r=g","contentUrl":"https:\/\/secure.gravatar.com\/avatar\/9b5d1c998b4e200fd6baf6db99e0c806a44b6e388dec98720fec36f9bd0e49dc?s=96&d=mm&r=g","caption":"Javier SEO"},"url":"http:\/\/labuleria.com\/nl\/author\/javier-seo\/"}]}},"_links":{"self":[{"href":"http:\/\/labuleria.com\/nl\/wp-json\/wp\/v2\/posts\/857","targetHints":{"allow":["GET"]}}],"collection":[{"href":"http:\/\/labuleria.com\/nl\/wp-json\/wp\/v2\/posts"}],"about":[{"href":"http:\/\/labuleria.com\/nl\/wp-json\/wp\/v2\/types\/post"}],"author":[{"embeddable":true,"href":"http:\/\/labuleria.com\/nl\/wp-json\/wp\/v2\/users\/99993"}],"replies":[{"embeddable":true,"href":"http:\/\/labuleria.com\/nl\/wp-json\/wp\/v2\/comments?post=857"}],"version-history":[{"count":1,"href":"http:\/\/labuleria.com\/nl\/wp-json\/wp\/v2\/posts\/857\/revisions"}],"predecessor-version":[{"id":858,"href":"http:\/\/labuleria.com\/nl\/wp-json\/wp\/v2\/posts\/857\/revisions\/858"}],"wp:featuredmedia":[{"embeddable":true,"href":"http:\/\/labuleria.com\/nl\/wp-json\/wp\/v2\/media\/513"}],"wp:attachment":[{"href":"http:\/\/labuleria.com\/nl\/wp-json\/wp\/v2\/media?parent=857"}],"wp:term":[{"taxonomy":"category","embeddable":true,"href":"http:\/\/labuleria.com\/nl\/wp-json\/wp\/v2\/categories?post=857"},{"taxonomy":"post_tag","embeddable":true,"href":"http:\/\/labuleria.com\/nl\/wp-json\/wp\/v2\/tags?post=857"}],"curies":[{"name":"wp","href":"https:\/\/api.w.org\/{rel}","templated":true}]}}