{"id":855,"date":"2026-04-08T09:16:55","date_gmt":"2026-04-08T07:16:55","guid":{"rendered":"https:\/\/labuleria.com\/?p=855"},"modified":"2026-04-20T09:24:11","modified_gmt":"2026-04-20T07:24:11","slug":"cena-con-espectaculo-flamenco-valencia","status":"publish","type":"post","link":"http:\/\/labuleria.com\/nl\/cena-con-espectaculo-flamenco-valencia\/","title":{"rendered":"Por qu\u00e9 vivir una cena con espect\u00e1culo flamenco en Valencia"},"content":{"rendered":"<p data-start=\"5606\" data-end=\"5731\">Hay planes que cumplen. Y hay planes que sorprenden. Una <strong>cena con espect\u00e1culo flamenco en Valencia<\/strong> pertenece claramente al segundo grupo. A primera vista puede parecer una combinaci\u00f3n m\u00e1s. Comer mientras ves un show. Pero cuando se hace bien, se convierte en una experiencia completa, donde cada elemento suma y transforma la noche en algo especial. En Valencia y precisamente en nuestro <a href=\"http:\/\/labuleria.com\/nl\/\">tablao flamenco<\/a> , este tipo de propuestas han ganado popularidad y no es dif\u00edcil entender por qu\u00e9 hemos triunfado tanto.<\/p>\n<h2 data-section-id=\"1q0nro4\" data-start=\"6042\" data-end=\"6067\">Mucho m\u00e1s que una cena<\/h2>\n<p data-start=\"6069\" data-end=\"6207\">Salir a cenar est\u00e1 bien. Ver un espect\u00e1culo tambi\u00e9n. Pero cuando ambos se combinan de forma coherente, la experiencia cambia por completo. Durante una <strong>cena con espect\u00e1culo flamenco,<\/strong> el tiempo se percibe de otra manera. No hay prisa. La velada se alarga, se disfruta con calma. El sonido de la guitarra empieza a llenar el espacio mientras los platos llegan a la mesa. El ambiente se transforma poco a poco. Y sin darte cuenta, est\u00e1s completamente dentro de la experiencia.<\/p>\n<h2 data-section-id=\"v1ngpg\" data-start=\"6546\" data-end=\"6575\">El papel de la gastronom\u00eda en el flamenco en Valencia<\/h2>\n<p data-start=\"6577\" data-end=\"6634\">La comida no es un complemento. Es una parte fundamental. En La Buler\u00eda, la propuesta gastron\u00f3mica est\u00e1 pensada para acompa\u00f1ar el espect\u00e1culo. No se trata de llenar la mesa, sino de ofrecer una experiencia que est\u00e9 a la altura. Sabores mediterr\u00e1neos, productos cuidados y una presentaci\u00f3n que invita a disfrutar sin distracciones.<\/p>\n<p data-start=\"7008\" data-end=\"7100\">Una de las cosas m\u00e1s interesantes de este tipo de <strong>experiencias gastron\u00f3micas que ofrecemos en Valencia<\/strong> es c\u00f3mo se construye la noche. No empieza de golpe, tiene un ritmo propio. Primero llega la tranquilidad de la cena. La conversaci\u00f3n, el ambiente relajado. Despu\u00e9s, poco a poco, el flamenco va tomando protagonismo. Ese cambio es parte de la magia y no es brusco sino natural. <strong>Y cuando el espect\u00e1culo flamenco alcanza su punto m\u00e1s intenso, nuestro p\u00fablico ya est\u00e1 completamente conectado.<\/strong><\/p>\n<p data-start=\"7482\" data-end=\"7568\">Este tipo de plan tiene algo especial. Funciona especialmente bien cuando se comparte. Ya sea en pareja, con amigos o incluso en familia, la experiencia se vive de forma colectiva. Se comenta, se siente, se recuerda. El flamenco tiene esa capacidad de unir. De generar conversaci\u00f3n incluso despu\u00e9s de que el espect\u00e1culo haya terminado.<\/p>\n<p data-start=\"7482\" data-end=\"7568\"><img decoding=\"async\" class=\"aligncenter wp-image-460 size-full\" src=\"https:\/\/labuleria.com\/wp-content\/uploads\/2023\/08\/Home-Movil-2.jpg\" alt=\"show cena flamenco\" width=\"1001\" height=\"1214\" srcset=\"https:\/\/labuleria.com\/wp-content\/uploads\/2023\/08\/Home-Movil-2.jpg 1001w, https:\/\/labuleria.com\/wp-content\/uploads\/2023\/08\/Home-Movil-2-247x300.jpg 247w, https:\/\/labuleria.com\/wp-content\/uploads\/2023\/08\/Home-Movil-2-768x931.jpg 768w, https:\/\/labuleria.com\/wp-content\/uploads\/2023\/08\/Home-Movil-2-844x1024.jpg 844w, https:\/\/labuleria.com\/wp-content\/uploads\/2023\/08\/Home-Movil-2-660x800.jpg 660w, https:\/\/labuleria.com\/wp-content\/uploads\/2023\/08\/Home-Movil-2-430x521.jpg 430w, https:\/\/labuleria.com\/wp-content\/uploads\/2023\/08\/Home-Movil-2-10x12.jpg 10w\" sizes=\"(max-width: 1001px) 100vw, 1001px\" \/><\/p>\n<h2 data-section-id=\"giccvk\" data-start=\"7821\" data-end=\"7855\">Ideal para ocasiones especiales<\/h2>\n<p data-start=\"7857\" data-end=\"7974\">Cumplea\u00f1os, aniversarios, visitas importantes\u2026 una <strong>cena con espect\u00e1culo flamenco es una opci\u00f3n que siempre sorprende<\/strong>. No es lo t\u00edpico. Y eso se agradece. Adem\u00e1s, en La Buler\u00eda permitimos disfrutar sin tener que moverse de un sitio a otro. Todo ocurre en el mismo espacio, de forma fluida.<\/p>\n<h2 data-section-id=\"4tjpqa\" data-start=\"8132\" data-end=\"8169\">Lo que hace diferente a La Buler\u00eda en Valencia<\/h2>\n<p data-start=\"8171\" data-end=\"8245\">En La Buler\u00eda entendemos que este tipo de experiencia requiere equilibrio. Ni la cena puede eclipsar el espect\u00e1culo, ni el espect\u00e1culo puede dejar en segundo plano la gastronom\u00eda. Por eso cuidamos ambos aspectos. Seleccionamos artistas que viven el flamenco de verdad y dise\u00f1amos una propuesta gastron\u00f3mica que acompa\u00f1e. El resultado es una noche completa. Sin excesos, sin artificios, pero con mucha esencia.<\/p>\n<h2 data-section-id=\"186b24l\" data-start=\"8585\" data-end=\"8628\">Una forma distinta de descubrir Valencia<\/h2>\n<p data-start=\"8630\" data-end=\"8720\">Para quien visita la ciudad, este tipo de experiencia es una forma diferente de conocerla. Va m\u00e1s all\u00e1 de los monumentos o los lugares tur\u00edsticos. Permite conectar con la cultura, con la m\u00fasica, con la forma de vivir. Y eso es lo que muchas personas buscan hoy en d\u00eda. Experiencias que se recuerden.<\/p>\n<h2 data-section-id=\"1hryhf7\" data-start=\"8939\" data-end=\"8945\">FAQ&#8217;s<\/h2>\n<p data-start=\"8947\" data-end=\"9048\"><strong data-start=\"8947\" data-end=\"8998\">\u00bfCu\u00e1nto dura una cena con espect\u00e1culo flamenco?<\/strong><br data-start=\"8998\" data-end=\"9001\" \/>Suele durar entre una hora y media y dos horas.<\/p>\n<p data-start=\"9050\" data-end=\"9140\"><strong data-start=\"9050\" data-end=\"9100\">\u00bfHay opciones para personas con intolerancias?<\/strong><br data-start=\"9100\" data-end=\"9103\" \/>S\u00ed, normalmente se adaptan los men\u00fas.<\/p>\n<p data-start=\"9142\" data-end=\"9241\"><strong data-start=\"9142\" data-end=\"9173\">\u00bfEs adecuado para turistas?<\/strong><br data-start=\"9173\" data-end=\"9176\" \/>S\u00ed, es una de las experiencias m\u00e1s completas que se pueden hacer.<\/p>\n<p data-start=\"9243\" data-end=\"9326\"><strong data-start=\"9243\" data-end=\"9272\">\u00bfSe puede elegir asiento?<\/strong><br data-start=\"9272\" data-end=\"9275\" \/>Depende de la disponibilidad y del tipo de reserva.<\/p>","protected":false},"excerpt":{"rendered":"<p>Hay planes que cumplen. Y hay planes que sorprenden. Una cena con espect\u00e1culo flamenco en Valencia pertenece claramente al segundo [&hellip;]<\/p>","protected":false},"author":99993,"featured_media":510,"comment_status":"closed","ping_status":"closed","sticky":false,"template":"","format":"standard","meta":{"_acf_changed":false,"footnotes":""},"categories":[72],"tags":[],"class_list":["post-855","post","type-post","status-publish","format-standard","has-post-thumbnail","hentry","category-flamenco"],"acf":[],"yoast_head":"<!-- This site is optimized with the Yoast SEO plugin v23.5 - https:\/\/yoast.com\/wordpress\/plugins\/seo\/ -->\n<title>Por qu\u00e9 vivir una cena con espect\u00e1culo flamenco en Valencia<\/title>\n<meta name=\"description\" content=\"En La Buler\u00eda, la propuesta gastron\u00f3mica est\u00e1 pensada para acompa\u00f1ar el espect\u00e1culo. No solo somos un tablao flamenco, somos una esperiencia.\" \/>\n<meta name=\"robots\" content=\"index, follow, max-snippet:-1, max-image-preview:large, max-video-preview:-1\" \/>\n<link rel=\"canonical\" href=\"http:\/\/labuleria.com\/nl\/cena-con-espectaculo-flamenco-valencia\/\" \/>\n<meta property=\"og:locale\" content=\"nl_NL\" \/>\n<meta property=\"og:type\" content=\"article\" \/>\n<meta property=\"og:title\" content=\"Por qu\u00e9 vivir una cena con espect\u00e1culo flamenco en Valencia\" \/>\n<meta property=\"og:description\" content=\"En La Buler\u00eda, la propuesta gastron\u00f3mica est\u00e1 pensada para acompa\u00f1ar el espect\u00e1culo. No solo somos un tablao flamenco, somos una esperiencia.\" \/>\n<meta property=\"og:url\" content=\"http:\/\/labuleria.com\/nl\/cena-con-espectaculo-flamenco-valencia\/\" \/>\n<meta property=\"og:site_name\" content=\"Restaurante La Buler\u00eda - Tablao Flamenco\" \/>\n<meta property=\"article:published_time\" content=\"2026-04-08T07:16:55+00:00\" \/>\n<meta property=\"article:modified_time\" content=\"2026-04-20T07:24:11+00:00\" \/>\n<meta property=\"og:image\" content=\"https:\/\/labuleria.com\/wp-content\/uploads\/2023\/08\/Publi-Sandra-6-1.jpg\" \/>\n\t<meta property=\"og:image:width\" content=\"963\" \/>\n\t<meta property=\"og:image:height\" content=\"711\" \/>\n\t<meta property=\"og:image:type\" content=\"image\/jpeg\" \/>\n<meta name=\"author\" content=\"Javier SEO\" \/>\n<meta name=\"twitter:card\" content=\"summary_large_image\" \/>\n<meta name=\"twitter:label1\" content=\"Geschreven door\" \/>\n\t<meta name=\"twitter:data1\" content=\"Javier SEO\" \/>\n\t<meta name=\"twitter:label2\" content=\"Geschatte leestijd\" \/>\n\t<meta name=\"twitter:data2\" content=\"4 minuten\" \/>\n<script type=\"application\/ld+json\" class=\"yoast-schema-graph\">{\"@context\":\"https:\/\/schema.org\",\"@graph\":[{\"@type\":\"WebPage\",\"@id\":\"https:\/\/labuleria.com\/cena-con-espectaculo-flamenco-valencia\/\",\"url\":\"https:\/\/labuleria.com\/cena-con-espectaculo-flamenco-valencia\/\",\"name\":\"Por qu\u00e9 vivir una cena con espect\u00e1culo flamenco en Valencia\",\"isPartOf\":{\"@id\":\"https:\/\/labuleria.com\/#website\"},\"primaryImageOfPage\":{\"@id\":\"https:\/\/labuleria.com\/cena-con-espectaculo-flamenco-valencia\/#primaryimage\"},\"image\":{\"@id\":\"https:\/\/labuleria.com\/cena-con-espectaculo-flamenco-valencia\/#primaryimage\"},\"thumbnailUrl\":\"https:\/\/labuleria.com\/wp-content\/uploads\/2023\/08\/Publi-Sandra-6-1.jpg\",\"datePublished\":\"2026-04-08T07:16:55+00:00\",\"dateModified\":\"2026-04-20T07:24:11+00:00\",\"author\":{\"@id\":\"https:\/\/labuleria.com\/#\/schema\/person\/bc110c412c096842189d701c40da8487\"},\"description\":\"En La Buler\u00eda, la propuesta gastron\u00f3mica est\u00e1 pensada para acompa\u00f1ar el espect\u00e1culo. No solo somos un tablao flamenco, somos una esperiencia.\",\"breadcrumb\":{\"@id\":\"https:\/\/labuleria.com\/cena-con-espectaculo-flamenco-valencia\/#breadcrumb\"},\"inLanguage\":\"nl-NL\",\"potentialAction\":[{\"@type\":\"ReadAction\",\"target\":[\"https:\/\/labuleria.com\/cena-con-espectaculo-flamenco-valencia\/\"]}]},{\"@type\":\"ImageObject\",\"inLanguage\":\"nl-NL\",\"@id\":\"https:\/\/labuleria.com\/cena-con-espectaculo-flamenco-valencia\/#primaryimage\",\"url\":\"https:\/\/labuleria.com\/wp-content\/uploads\/2023\/08\/Publi-Sandra-6-1.jpg\",\"contentUrl\":\"https:\/\/labuleria.com\/wp-content\/uploads\/2023\/08\/Publi-Sandra-6-1.jpg\",\"width\":963,\"height\":711,\"caption\":\"cena con espectaculo en Valencia\"},{\"@type\":\"BreadcrumbList\",\"@id\":\"https:\/\/labuleria.com\/cena-con-espectaculo-flamenco-valencia\/#breadcrumb\",\"itemListElement\":[{\"@type\":\"ListItem\",\"position\":1,\"name\":\"Portada\",\"item\":\"https:\/\/labuleria.com\/\"},{\"@type\":\"ListItem\",\"position\":2,\"name\":\"Por qu\u00e9 vivir una cena con espect\u00e1culo flamenco en Valencia\"}]},{\"@type\":\"WebSite\",\"@id\":\"https:\/\/labuleria.com\/#website\",\"url\":\"https:\/\/labuleria.com\/\",\"name\":\"Restaurante La Buler\u00eda - Tablao Flamenco\",\"description\":\"La mejor experiencia de flamenco en Valencia\",\"potentialAction\":[{\"@type\":\"SearchAction\",\"target\":{\"@type\":\"EntryPoint\",\"urlTemplate\":\"https:\/\/labuleria.com\/?s={search_term_string}\"},\"query-input\":{\"@type\":\"PropertyValueSpecification\",\"valueRequired\":true,\"valueName\":\"search_term_string\"}}],\"inLanguage\":\"nl-NL\"},{\"@type\":\"Person\",\"@id\":\"https:\/\/labuleria.com\/#\/schema\/person\/bc110c412c096842189d701c40da8487\",\"name\":\"Javier SEO\",\"image\":{\"@type\":\"ImageObject\",\"inLanguage\":\"nl-NL\",\"@id\":\"https:\/\/labuleria.com\/#\/schema\/person\/image\/\",\"url\":\"https:\/\/secure.gravatar.com\/avatar\/9b5d1c998b4e200fd6baf6db99e0c806a44b6e388dec98720fec36f9bd0e49dc?s=96&d=mm&r=g\",\"contentUrl\":\"https:\/\/secure.gravatar.com\/avatar\/9b5d1c998b4e200fd6baf6db99e0c806a44b6e388dec98720fec36f9bd0e49dc?s=96&d=mm&r=g\",\"caption\":\"Javier SEO\"},\"url\":\"http:\/\/labuleria.com\/nl\/author\/javier-seo\/\"}]}<\/script>\n<!-- \/ Yoast SEO plugin. -->","yoast_head_json":{"title":"Por qu\u00e9 vivir una cena con espect\u00e1culo flamenco en Valencia","description":"En La Buler\u00eda, la propuesta gastron\u00f3mica est\u00e1 pensada para acompa\u00f1ar el espect\u00e1culo. No solo somos un tablao flamenco, somos una esperiencia.","robots":{"index":"index","follow":"follow","max-snippet":"max-snippet:-1","max-image-preview":"max-image-preview:large","max-video-preview":"max-video-preview:-1"},"canonical":"http:\/\/labuleria.com\/nl\/cena-con-espectaculo-flamenco-valencia\/","og_locale":"nl_NL","og_type":"article","og_title":"Por qu\u00e9 vivir una cena con espect\u00e1culo flamenco en Valencia","og_description":"En La Buler\u00eda, la propuesta gastron\u00f3mica est\u00e1 pensada para acompa\u00f1ar el espect\u00e1culo. No solo somos un tablao flamenco, somos una esperiencia.","og_url":"http:\/\/labuleria.com\/nl\/cena-con-espectaculo-flamenco-valencia\/","og_site_name":"Restaurante La Buler\u00eda - Tablao Flamenco","article_published_time":"2026-04-08T07:16:55+00:00","article_modified_time":"2026-04-20T07:24:11+00:00","og_image":[{"width":963,"height":711,"url":"https:\/\/labuleria.com\/wp-content\/uploads\/2023\/08\/Publi-Sandra-6-1.jpg","type":"image\/jpeg"}],"author":"Javier SEO","twitter_card":"summary_large_image","twitter_misc":{"Geschreven door":"Javier SEO","Geschatte leestijd":"4 minuten"},"schema":{"@context":"https:\/\/schema.org","@graph":[{"@type":"WebPage","@id":"https:\/\/labuleria.com\/cena-con-espectaculo-flamenco-valencia\/","url":"https:\/\/labuleria.com\/cena-con-espectaculo-flamenco-valencia\/","name":"Por qu\u00e9 vivir una cena con espect\u00e1culo flamenco en Valencia","isPartOf":{"@id":"https:\/\/labuleria.com\/#website"},"primaryImageOfPage":{"@id":"https:\/\/labuleria.com\/cena-con-espectaculo-flamenco-valencia\/#primaryimage"},"image":{"@id":"https:\/\/labuleria.com\/cena-con-espectaculo-flamenco-valencia\/#primaryimage"},"thumbnailUrl":"https:\/\/labuleria.com\/wp-content\/uploads\/2023\/08\/Publi-Sandra-6-1.jpg","datePublished":"2026-04-08T07:16:55+00:00","dateModified":"2026-04-20T07:24:11+00:00","author":{"@id":"https:\/\/labuleria.com\/#\/schema\/person\/bc110c412c096842189d701c40da8487"},"description":"En La Buler\u00eda, la propuesta gastron\u00f3mica est\u00e1 pensada para acompa\u00f1ar el espect\u00e1culo. No solo somos un tablao flamenco, somos una esperiencia.","breadcrumb":{"@id":"https:\/\/labuleria.com\/cena-con-espectaculo-flamenco-valencia\/#breadcrumb"},"inLanguage":"nl-NL","potentialAction":[{"@type":"ReadAction","target":["https:\/\/labuleria.com\/cena-con-espectaculo-flamenco-valencia\/"]}]},{"@type":"ImageObject","inLanguage":"nl-NL","@id":"https:\/\/labuleria.com\/cena-con-espectaculo-flamenco-valencia\/#primaryimage","url":"https:\/\/labuleria.com\/wp-content\/uploads\/2023\/08\/Publi-Sandra-6-1.jpg","contentUrl":"https:\/\/labuleria.com\/wp-content\/uploads\/2023\/08\/Publi-Sandra-6-1.jpg","width":963,"height":711,"caption":"cena con espectaculo en Valencia"},{"@type":"BreadcrumbList","@id":"https:\/\/labuleria.com\/cena-con-espectaculo-flamenco-valencia\/#breadcrumb","itemListElement":[{"@type":"ListItem","position":1,"name":"Portada","item":"https:\/\/labuleria.com\/"},{"@type":"ListItem","position":2,"name":"Por qu\u00e9 vivir una cena con espect\u00e1culo flamenco en Valencia"}]},{"@type":"WebSite","@id":"https:\/\/labuleria.com\/#website","url":"https:\/\/labuleria.com\/","name":"Restaurante La Buler\u00eda - Tablao Flamenco","description":"La mejor experiencia de flamenco en Valencia","potentialAction":[{"@type":"SearchAction","target":{"@type":"EntryPoint","urlTemplate":"https:\/\/labuleria.com\/?s={search_term_string}"},"query-input":{"@type":"PropertyValueSpecification","valueRequired":true,"valueName":"search_term_string"}}],"inLanguage":"nl-NL"},{"@type":"Person","@id":"https:\/\/labuleria.com\/#\/schema\/person\/bc110c412c096842189d701c40da8487","name":"Javier SEO","image":{"@type":"ImageObject","inLanguage":"nl-NL","@id":"https:\/\/labuleria.com\/#\/schema\/person\/image\/","url":"https:\/\/secure.gravatar.com\/avatar\/9b5d1c998b4e200fd6baf6db99e0c806a44b6e388dec98720fec36f9bd0e49dc?s=96&d=mm&r=g","contentUrl":"https:\/\/secure.gravatar.com\/avatar\/9b5d1c998b4e200fd6baf6db99e0c806a44b6e388dec98720fec36f9bd0e49dc?s=96&d=mm&r=g","caption":"Javier SEO"},"url":"http:\/\/labuleria.com\/nl\/author\/javier-seo\/"}]}},"_links":{"self":[{"href":"http:\/\/labuleria.com\/nl\/wp-json\/wp\/v2\/posts\/855","targetHints":{"allow":["GET"]}}],"collection":[{"href":"http:\/\/labuleria.com\/nl\/wp-json\/wp\/v2\/posts"}],"about":[{"href":"http:\/\/labuleria.com\/nl\/wp-json\/wp\/v2\/types\/post"}],"author":[{"embeddable":true,"href":"http:\/\/labuleria.com\/nl\/wp-json\/wp\/v2\/users\/99993"}],"replies":[{"embeddable":true,"href":"http:\/\/labuleria.com\/nl\/wp-json\/wp\/v2\/comments?post=855"}],"version-history":[{"count":1,"href":"http:\/\/labuleria.com\/nl\/wp-json\/wp\/v2\/posts\/855\/revisions"}],"predecessor-version":[{"id":856,"href":"http:\/\/labuleria.com\/nl\/wp-json\/wp\/v2\/posts\/855\/revisions\/856"}],"wp:featuredmedia":[{"embeddable":true,"href":"http:\/\/labuleria.com\/nl\/wp-json\/wp\/v2\/media\/510"}],"wp:attachment":[{"href":"http:\/\/labuleria.com\/nl\/wp-json\/wp\/v2\/media?parent=855"}],"wp:term":[{"taxonomy":"category","embeddable":true,"href":"http:\/\/labuleria.com\/nl\/wp-json\/wp\/v2\/categories?post=855"},{"taxonomy":"post_tag","embeddable":true,"href":"http:\/\/labuleria.com\/nl\/wp-json\/wp\/v2\/tags?post=855"}],"curies":[{"name":"wp","href":"https:\/\/api.w.org\/{rel}","templated":true}]}}